{"id":3410,"date":"2025-11-11T11:49:45","date_gmt":"2025-11-11T10:49:45","guid":{"rendered":"https:\/\/www.aberthamski.cz\/?p=3410"},"modified":"2025-12-10T20:51:57","modified_gmt":"2025-12-10T19:51:57","slug":"start-sezon-offnungszeiten","status":"publish","type":"post","link":"https:\/\/www.aberthamski.cz\/de\/2025\/11\/11\/start-sezon-offnungszeiten\/","title":{"rendered":"<strong>START<\/strong> Saison beginnt <strong>\u00d6ffnungszeiten zu Beginn der Saison<\/strong>"},"content":{"rendered":"<div class=\"grid clear-box\">\n<div class=\"grid-col size-50\">\n<div class=\"grid-col-inset\">\n<p><strong>\u00d6ffnungszeiten zu Saisonbeginn:<\/strong><\/p>\n<p>Freitag, 12.12., 15:00\u201318:00 Uhr<\/p>\n<p>Samstag, 13.12., 8:30\u201318:00 Uhr<\/p>\n<p>Sonntag, 14.12., 8:30\u201318:00 Uhr<\/p>\n<p>Freitag, 19.12., 15:00\u201319:00 Uhr<\/p>\n<p>Samstag, 20.12., 8:30\u201318:00 Uhr<\/p>\n<p>Sonntag, 21.12., 8:30\u201318:00 Uhr<\/p>\n<p>Danach je nach Wetterlage.<\/p>\n<p>Wir freuen uns auf Ihren Besuch!<\/p>\n<p>Team Aberthamski!<\/p>\n<p>{Gitteraufteilung}<\/p>\n<\/p><\/div>\n<\/p><\/div>\n<div class=\"grid-col size-50\">\n<div class=\"grid-col-inset\">\n<p><a href=\"https:\/\/www.aberthamski.cz\/2019\/08\/12\/pujceni-lyzi-na-sezonu\/\"><br \/>\n<\/a><\/p>\n<\/p><\/div>\n<\/p><\/div>\n<\/div>\n","protected":false},"excerpt":{"rendered":"","protected":false},"author":2,"featured_media":0,"comment_status":"closed","ping_status":"closed","sticky":false,"template":"","format":"standard","meta":{"footnotes":""},"categories":[14,11],"tags":[],"class_list":["post-3410","post","type-post","status-publish","format-standard","hentry","category-nachrichten","category-unkategorisiert"],"yoast_head":"<!-- This site is optimized with the Yoast SEO plugin v27.4 - https:\/\/yoast.com\/product\/yoast-seo-wordpress\/ -->\n<title>START Saison beginnt \u00d6ffnungszeiten zu Beginn der Saison - ABERTHAMSKI<\/title>\n<meta name=\"robots\" content=\"index, follow, max-snippet:-1, max-image-preview:large, max-video-preview:-1\" \/>\n<link rel=\"canonical\" href=\"https:\/\/www.aberthamski.cz\/de\/2025\/11\/11\/start-sezon-offnungszeiten\/\" \/>\n<meta property=\"og:locale\" content=\"de_DE\" \/>\n<meta property=\"og:type\" content=\"article\" \/>\n<meta property=\"og:title\" content=\"START Saison beginnt \u00d6ffnungszeiten zu Beginn der Saison - ABERTHAMSKI\" \/>\n<meta property=\"og:url\" content=\"https:\/\/www.aberthamski.cz\/de\/2025\/11\/11\/start-sezon-offnungszeiten\/\" \/>\n<meta property=\"og:site_name\" content=\"ABERTHAMSKI\" \/>\n<meta property=\"article:publisher\" content=\"https:\/\/www.facebook.com\/lygoho\/\" \/>\n<meta property=\"article:published_time\" content=\"2025-11-11T10:49:45+00:00\" \/>\n<meta property=\"article:modified_time\" content=\"2025-12-10T19:51:57+00:00\" \/>\n<meta name=\"author\" content=\"Slavom\u00edr Gavenda\" \/>\n<meta name=\"twitter:card\" content=\"summary_large_image\" \/>\n<meta name=\"twitter:label1\" content=\"Verfasst von\" \/>\n\t<meta name=\"twitter:data1\" content=\"Slavom\u00edr Gavenda\" \/>\n\t<meta name=\"twitter:label2\" content=\"Gesch\u00e4tzte Lesezeit\" \/>\n\t<meta name=\"twitter:data2\" content=\"1\u00a0Minute\" \/>\n<script type=\"application\/ld+json\" class=\"yoast-schema-graph\">{\"@context\":\"https:\\\/\\\/schema.org\",\"@graph\":[{\"@type\":\"Article\",\"@id\":\"https:\\\/\\\/www.aberthamski.cz\\\/de\\\/2025\\\/11\\\/11\\\/start-sezon-offnungszeiten\\\/#article\",\"isPartOf\":{\"@id\":\"https:\\\/\\\/www.aberthamski.cz\\\/de\\\/2025\\\/11\\\/11\\\/start-sezon-offnungszeiten\\\/\"},\"author\":{\"name\":\"Slavom\u00edr Gavenda\",\"@id\":\"https:\\\/\\\/www.aberthamski.cz\\\/#\\\/schema\\\/person\\\/3700311e0ee51529a133e69361e94dd2\"},\"headline\":\"START Saison beginnt \u00d6ffnungszeiten zu Beginn der Saison\",\"datePublished\":\"2025-11-11T10:49:45+00:00\",\"dateModified\":\"2025-12-10T19:51:57+00:00\",\"mainEntityOfPage\":{\"@id\":\"https:\\\/\\\/www.aberthamski.cz\\\/de\\\/2025\\\/11\\\/11\\\/start-sezon-offnungszeiten\\\/\"},\"wordCount\":40,\"publisher\":{\"@id\":\"https:\\\/\\\/www.aberthamski.cz\\\/#organization\"},\"articleSection\":[\"Nachrichten\",\"Unkategorisiert\"],\"inLanguage\":\"de\"},{\"@type\":\"WebPage\",\"@id\":\"https:\\\/\\\/www.aberthamski.cz\\\/de\\\/2025\\\/11\\\/11\\\/start-sezon-offnungszeiten\\\/\",\"url\":\"https:\\\/\\\/www.aberthamski.cz\\\/de\\\/2025\\\/11\\\/11\\\/start-sezon-offnungszeiten\\\/\",\"name\":\"START Saison beginnt \u00d6ffnungszeiten zu Beginn der Saison - ABERTHAMSKI\",\"isPartOf\":{\"@id\":\"https:\\\/\\\/www.aberthamski.cz\\\/#website\"},\"datePublished\":\"2025-11-11T10:49:45+00:00\",\"dateModified\":\"2025-12-10T19:51:57+00:00\",\"breadcrumb\":{\"@id\":\"https:\\\/\\\/www.aberthamski.cz\\\/de\\\/2025\\\/11\\\/11\\\/start-sezon-offnungszeiten\\\/#breadcrumb\"},\"inLanguage\":\"de\",\"potentialAction\":[{\"@type\":\"ReadAction\",\"target\":[\"https:\\\/\\\/www.aberthamski.cz\\\/de\\\/2025\\\/11\\\/11\\\/start-sezon-offnungszeiten\\\/\"]}]},{\"@type\":\"BreadcrumbList\",\"@id\":\"https:\\\/\\\/www.aberthamski.cz\\\/de\\\/2025\\\/11\\\/11\\\/start-sezon-offnungszeiten\\\/#breadcrumb\",\"itemListElement\":[{\"@type\":\"ListItem\",\"position\":1,\"name\":\"Dom\u016f\",\"item\":\"https:\\\/\\\/www.aberthamski.cz\\\/de\\\/\"},{\"@type\":\"ListItem\",\"position\":2,\"name\":\"START Saison beginnt \u00d6ffnungszeiten zu Beginn der Saison\"}]},{\"@type\":\"WebSite\",\"@id\":\"https:\\\/\\\/www.aberthamski.cz\\\/#website\",\"url\":\"https:\\\/\\\/www.aberthamski.cz\\\/\",\"name\":\"ABERTHAMSKI\",\"description\":\"P\u016fj\u010dovna Ly\u017e\u00ed\",\"publisher\":{\"@id\":\"https:\\\/\\\/www.aberthamski.cz\\\/#organization\"},\"potentialAction\":[{\"@type\":\"SearchAction\",\"target\":{\"@type\":\"EntryPoint\",\"urlTemplate\":\"https:\\\/\\\/www.aberthamski.cz\\\/?s={search_term_string}\"},\"query-input\":{\"@type\":\"PropertyValueSpecification\",\"valueRequired\":true,\"valueName\":\"search_term_string\"}}],\"inLanguage\":\"de\"},{\"@type\":\"Organization\",\"@id\":\"https:\\\/\\\/www.aberthamski.cz\\\/#organization\",\"name\":\"ABERTHAMSKI\",\"url\":\"https:\\\/\\\/www.aberthamski.cz\\\/\",\"logo\":{\"@type\":\"ImageObject\",\"inLanguage\":\"de\",\"@id\":\"https:\\\/\\\/www.aberthamski.cz\\\/#\\\/schema\\\/logo\\\/image\\\/\",\"url\":\"https:\\\/\\\/www.aberthamski.cz\\\/wp-content\\\/uploads\\\/2019\\\/12\\\/logo.png\",\"contentUrl\":\"https:\\\/\\\/www.aberthamski.cz\\\/wp-content\\\/uploads\\\/2019\\\/12\\\/logo.png\",\"width\":190,\"height\":55,\"caption\":\"ABERTHAMSKI\"},\"image\":{\"@id\":\"https:\\\/\\\/www.aberthamski.cz\\\/#\\\/schema\\\/logo\\\/image\\\/\"},\"sameAs\":[\"https:\\\/\\\/www.facebook.com\\\/lygoho\\\/\"]},{\"@type\":\"Person\",\"@id\":\"https:\\\/\\\/www.aberthamski.cz\\\/#\\\/schema\\\/person\\\/3700311e0ee51529a133e69361e94dd2\",\"name\":\"Slavom\u00edr Gavenda\",\"image\":{\"@type\":\"ImageObject\",\"inLanguage\":\"de\",\"@id\":\"https:\\\/\\\/secure.gravatar.com\\\/avatar\\\/1cd38ad29396b763a898656a18483fb91674236df56ff3124cc538c21e4ed8d1?s=96&d=mm&r=g\",\"url\":\"https:\\\/\\\/secure.gravatar.com\\\/avatar\\\/1cd38ad29396b763a898656a18483fb91674236df56ff3124cc538c21e4ed8d1?s=96&d=mm&r=g\",\"contentUrl\":\"https:\\\/\\\/secure.gravatar.com\\\/avatar\\\/1cd38ad29396b763a898656a18483fb91674236df56ff3124cc538c21e4ed8d1?s=96&d=mm&r=g\",\"caption\":\"Slavom\u00edr Gavenda\"},\"sameAs\":[\"http:\\\/\\\/critical.cz\\\/\"]}]}<\/script>\n<!-- \/ Yoast SEO plugin. -->","yoast_head_json":{"title":"START Saison beginnt \u00d6ffnungszeiten zu Beginn der Saison - ABERTHAMSKI","robots":{"index":"index","follow":"follow","max-snippet":"max-snippet:-1","max-image-preview":"max-image-preview:large","max-video-preview":"max-video-preview:-1"},"canonical":"https:\/\/www.aberthamski.cz\/de\/2025\/11\/11\/start-sezon-offnungszeiten\/","og_locale":"de_DE","og_type":"article","og_title":"START Saison beginnt \u00d6ffnungszeiten zu Beginn der Saison - ABERTHAMSKI","og_url":"https:\/\/www.aberthamski.cz\/de\/2025\/11\/11\/start-sezon-offnungszeiten\/","og_site_name":"ABERTHAMSKI","article_publisher":"https:\/\/www.facebook.com\/lygoho\/","article_published_time":"2025-11-11T10:49:45+00:00","article_modified_time":"2025-12-10T19:51:57+00:00","author":"Slavom\u00edr Gavenda","twitter_card":"summary_large_image","twitter_misc":{"Verfasst von":"Slavom\u00edr Gavenda","Gesch\u00e4tzte Lesezeit":"1\u00a0Minute"},"schema":{"@context":"https:\/\/schema.org","@graph":[{"@type":"Article","@id":"https:\/\/www.aberthamski.cz\/de\/2025\/11\/11\/start-sezon-offnungszeiten\/#article","isPartOf":{"@id":"https:\/\/www.aberthamski.cz\/de\/2025\/11\/11\/start-sezon-offnungszeiten\/"},"author":{"name":"Slavom\u00edr Gavenda","@id":"https:\/\/www.aberthamski.cz\/#\/schema\/person\/3700311e0ee51529a133e69361e94dd2"},"headline":"START Saison beginnt \u00d6ffnungszeiten zu Beginn der Saison","datePublished":"2025-11-11T10:49:45+00:00","dateModified":"2025-12-10T19:51:57+00:00","mainEntityOfPage":{"@id":"https:\/\/www.aberthamski.cz\/de\/2025\/11\/11\/start-sezon-offnungszeiten\/"},"wordCount":40,"publisher":{"@id":"https:\/\/www.aberthamski.cz\/#organization"},"articleSection":["Nachrichten","Unkategorisiert"],"inLanguage":"de"},{"@type":"WebPage","@id":"https:\/\/www.aberthamski.cz\/de\/2025\/11\/11\/start-sezon-offnungszeiten\/","url":"https:\/\/www.aberthamski.cz\/de\/2025\/11\/11\/start-sezon-offnungszeiten\/","name":"START Saison beginnt \u00d6ffnungszeiten zu Beginn der Saison - ABERTHAMSKI","isPartOf":{"@id":"https:\/\/www.aberthamski.cz\/#website"},"datePublished":"2025-11-11T10:49:45+00:00","dateModified":"2025-12-10T19:51:57+00:00","breadcrumb":{"@id":"https:\/\/www.aberthamski.cz\/de\/2025\/11\/11\/start-sezon-offnungszeiten\/#breadcrumb"},"inLanguage":"de","potentialAction":[{"@type":"ReadAction","target":["https:\/\/www.aberthamski.cz\/de\/2025\/11\/11\/start-sezon-offnungszeiten\/"]}]},{"@type":"BreadcrumbList","@id":"https:\/\/www.aberthamski.cz\/de\/2025\/11\/11\/start-sezon-offnungszeiten\/#breadcrumb","itemListElement":[{"@type":"ListItem","position":1,"name":"Dom\u016f","item":"https:\/\/www.aberthamski.cz\/de\/"},{"@type":"ListItem","position":2,"name":"START Saison beginnt \u00d6ffnungszeiten zu Beginn der Saison"}]},{"@type":"WebSite","@id":"https:\/\/www.aberthamski.cz\/#website","url":"https:\/\/www.aberthamski.cz\/","name":"ABERTHAMSKI","description":"P\u016fj\u010dovna Ly\u017e\u00ed","publisher":{"@id":"https:\/\/www.aberthamski.cz\/#organization"},"potentialAction":[{"@type":"SearchAction","target":{"@type":"EntryPoint","urlTemplate":"https:\/\/www.aberthamski.cz\/?s={search_term_string}"},"query-input":{"@type":"PropertyValueSpecification","valueRequired":true,"valueName":"search_term_string"}}],"inLanguage":"de"},{"@type":"Organization","@id":"https:\/\/www.aberthamski.cz\/#organization","name":"ABERTHAMSKI","url":"https:\/\/www.aberthamski.cz\/","logo":{"@type":"ImageObject","inLanguage":"de","@id":"https:\/\/www.aberthamski.cz\/#\/schema\/logo\/image\/","url":"https:\/\/www.aberthamski.cz\/wp-content\/uploads\/2019\/12\/logo.png","contentUrl":"https:\/\/www.aberthamski.cz\/wp-content\/uploads\/2019\/12\/logo.png","width":190,"height":55,"caption":"ABERTHAMSKI"},"image":{"@id":"https:\/\/www.aberthamski.cz\/#\/schema\/logo\/image\/"},"sameAs":["https:\/\/www.facebook.com\/lygoho\/"]},{"@type":"Person","@id":"https:\/\/www.aberthamski.cz\/#\/schema\/person\/3700311e0ee51529a133e69361e94dd2","name":"Slavom\u00edr Gavenda","image":{"@type":"ImageObject","inLanguage":"de","@id":"https:\/\/secure.gravatar.com\/avatar\/1cd38ad29396b763a898656a18483fb91674236df56ff3124cc538c21e4ed8d1?s=96&d=mm&r=g","url":"https:\/\/secure.gravatar.com\/avatar\/1cd38ad29396b763a898656a18483fb91674236df56ff3124cc538c21e4ed8d1?s=96&d=mm&r=g","contentUrl":"https:\/\/secure.gravatar.com\/avatar\/1cd38ad29396b763a898656a18483fb91674236df56ff3124cc538c21e4ed8d1?s=96&d=mm&r=g","caption":"Slavom\u00edr Gavenda"},"sameAs":["http:\/\/critical.cz\/"]}]}},"_links":{"self":[{"href":"https:\/\/www.aberthamski.cz\/de\/wp-json\/wp\/v2\/posts\/3410","targetHints":{"allow":["GET"]}}],"collection":[{"href":"https:\/\/www.aberthamski.cz\/de\/wp-json\/wp\/v2\/posts"}],"about":[{"href":"https:\/\/www.aberthamski.cz\/de\/wp-json\/wp\/v2\/types\/post"}],"author":[{"embeddable":true,"href":"https:\/\/www.aberthamski.cz\/de\/wp-json\/wp\/v2\/users\/2"}],"replies":[{"embeddable":true,"href":"https:\/\/www.aberthamski.cz\/de\/wp-json\/wp\/v2\/comments?post=3410"}],"version-history":[{"count":17,"href":"https:\/\/www.aberthamski.cz\/de\/wp-json\/wp\/v2\/posts\/3410\/revisions"}],"predecessor-version":[{"id":4901,"href":"https:\/\/www.aberthamski.cz\/de\/wp-json\/wp\/v2\/posts\/3410\/revisions\/4901"}],"wp:attachment":[{"href":"https:\/\/www.aberthamski.cz\/de\/wp-json\/wp\/v2\/media?parent=3410"}],"wp:term":[{"taxonomy":"category","embeddable":true,"href":"https:\/\/www.aberthamski.cz\/de\/wp-json\/wp\/v2\/categories?post=3410"},{"taxonomy":"post_tag","embeddable":true,"href":"https:\/\/www.aberthamski.cz\/de\/wp-json\/wp\/v2\/tags?post=3410"}],"curies":[{"name":"wp","href":"https:\/\/api.w.org\/{rel}","templated":true}]}}